{"id":64935,"date":"2026-08-17T14:51:26","date_gmt":"2026-08-17T14:51:26","guid":{"rendered":"https:\/\/www.k-l-d.at\/kld\/?p=64935"},"modified":"2026-08-17T14:51:26","modified_gmt":"2026-08-17T14:51:26","slug":"neue-praesidentin-des-kld","status":"publish","type":"post","link":"https:\/\/www.k-l-d.at\/kld\/neue-praesidentin-des-kld\/","title":{"rendered":"Neue Pr\u00e4sidentin des KLD"},"content":{"rendered":"<p style=\"text-align: left;\">In der a.o. Generalversammlung wurde Irmgard Kuhner-Beichtbuchner einstimmig und mit gro\u00dfer Begeisterung zur neuen Pr\u00e4sidentin des KLD gew\u00e4hlt. Sie l\u00f6st damit Dipl.Ing. Michael Wolfsegger ab, der den Klub w\u00e4hrend der letzten 8 Jahre gef\u00fchrt hat.<\/p>\n<p style=\"text-align: left;\">Wir freuen uns auf ein neues Kapitel der 50+ j\u00e4hrigen Geschichte des Klubs Logischer Denker und auf eine erfolgreiche und schwungvolle Weiterf\u00fchrung der spannendsten Vortragsreihe der Stadt.<\/p>\n<p><a href=\"https:\/\/www.k-l-d.at\/kld\/wp-content\/uploads\/2026\/08\/WhatsApp-Image-2026-08-17-at-15.jpeg\"><img loading=\"lazy\" decoding=\"async\" class=\"aligncenter wp-image-64936 size-full\" src=\"https:\/\/www.k-l-d.at\/kld\/wp-content\/uploads\/2026\/08\/WhatsApp-Image-2026-08-17-at-15.jpeg\" alt=\"\" width=\"1600\" height=\"728\" srcset=\"https:\/\/www.k-l-d.at\/kld\/wp-content\/uploads\/2026\/08\/WhatsApp-Image-2026-08-17-at-15.jpeg 1600w, https:\/\/www.k-l-d.at\/kld\/wp-content\/uploads\/2026\/08\/WhatsApp-Image-2026-08-17-at-15-300x137.jpeg 300w, https:\/\/www.k-l-d.at\/kld\/wp-content\/uploads\/2026\/08\/WhatsApp-Image-2026-08-17-at-15-1024x466.jpeg 1024w, https:\/\/www.k-l-d.at\/kld\/wp-content\/uploads\/2026\/08\/WhatsApp-Image-2026-08-17-at-15-768x349.jpeg 768w, https:\/\/www.k-l-d.at\/kld\/wp-content\/uploads\/2026\/08\/WhatsApp-Image-2026-08-17-at-15-1536x699.jpeg 1536w\" sizes=\"auto, (max-width: 1600px) 100vw, 1600px\" \/><\/a><\/p>\n<p><a href=\"https:\/\/www.k-l-d.at\/kld\/wp-content\/uploads\/2026\/08\/WhatsApp-Image-2026-08-17-at-17.jpeg\"><img loading=\"lazy\" decoding=\"async\" class=\"aligncenter wp-image-64937 size-large\" src=\"https:\/\/www.k-l-d.at\/kld\/wp-content\/uploads\/2026\/08\/WhatsApp-Image-2026-08-17-at-17-466x1024.jpeg\" alt=\"\" width=\"466\" height=\"1024\" srcset=\"https:\/\/www.k-l-d.at\/kld\/wp-content\/uploads\/2026\/08\/WhatsApp-Image-2026-08-17-at-17-466x1024.jpeg 466w, https:\/\/www.k-l-d.at\/kld\/wp-content\/uploads\/2026\/08\/WhatsApp-Image-2026-08-17-at-17-137x300.jpeg 137w, https:\/\/www.k-l-d.at\/kld\/wp-content\/uploads\/2026\/08\/WhatsApp-Image-2026-08-17-at-17-699x1536.jpeg 699w, https:\/\/www.k-l-d.at\/kld\/wp-content\/uploads\/2026\/08\/WhatsApp-Image-2026-08-17-at-17.jpeg 728w\" sizes=\"auto, (max-width: 466px) 100vw, 466px\" \/><\/a><\/p>\n","protected":false},"excerpt":{"rendered":"<p>In der a.o. Generalversammlung wurde Irmgard Kuhner-Beichtbuchner einstimmig und mit gro\u00dfer Begeisterung zur neuen Pr\u00e4sidentin des KLD gew\u00e4hlt. Sie l\u00f6st damit Dipl.Ing. Michael Wolfsegger ab, der den Klub w\u00e4hrend der letzten 8 Jahre gef\u00fchrt hat. Wir freuen uns auf ein neues Kapitel der 50+ j\u00e4hrigen Geschichte des Klubs Logischer Denker und auf eine erfolgreiche und &hellip; <a href=\"https:\/\/www.k-l-d.at\/kld\/neue-praesidentin-des-kld\/\" class=\"more-link\"><span class=\"screen-reader-text\">Neue Pr\u00e4sidentin des KLD<\/span> weiterlesen <span class=\"meta-nav\">&rarr;<\/span><\/a><\/p>\n","protected":false},"author":1,"featured_media":0,"comment_status":"closed","ping_status":"open","sticky":false,"template":"","format":"standard","meta":{"ngg_post_thumbnail":0,"footnotes":""},"categories":[1],"tags":[],"class_list":["post-64935","post","type-post","status-publish","format-standard","hentry","category-kld-news"],"aioseo_notices":[],"aioseo_head":"\n\t\t<!-- All in One SEO 5.0.1.1 - aioseo.com -->\n\t<meta name=\"description\" content=\"In der a.o. Generalversammlung wurde Irmgard Kuhner-Beichtbuchner einstimmig und mit gro\u00dfer Begeisterung zur neuen Pr\u00e4sidentin des KLD gew\u00e4hlt. Sie l\u00f6st damit Dipl.Ing. Michael Wolfsegger ab, der den Klub w\u00e4hrend der letzten 8 Jahre gef\u00fchrt hat. Wir freuen uns auf ein neues Kapitel der 50+ j\u00e4hrigen Geschichte des Klubs Logischer Denker und auf eine erfolgreiche und\" \/>\n\t<meta name=\"robots\" content=\"max-image-preview:large\" \/>\n\t<meta name=\"author\" content=\"wordpressadmin\"\/>\n\t<link rel=\"canonical\" href=\"https:\/\/www.k-l-d.at\/kld\/neue-praesidentin-des-kld\/\" \/>\n\t<meta name=\"generator\" content=\"All in One SEO (AIOSEO) 5.0.1.1\" \/>\n\t\t<meta property=\"og:locale\" content=\"de_DE\" \/>\n\t\t<meta property=\"og:site_name\" content=\"Klub Logischer Denker | Seit 1971: AKTIV-KREATIV-SPANNEND-INTERESSANT\" \/>\n\t\t<meta property=\"og:type\" content=\"article\" \/>\n\t\t<meta property=\"og:title\" content=\"Neue Pr\u00e4sidentin des KLD | Klub Logischer Denker\" \/>\n\t\t<meta property=\"og:description\" content=\"In der a.o. Generalversammlung wurde Irmgard Kuhner-Beichtbuchner einstimmig und mit gro\u00dfer Begeisterung zur neuen Pr\u00e4sidentin des KLD gew\u00e4hlt. Sie l\u00f6st damit Dipl.Ing. Michael Wolfsegger ab, der den Klub w\u00e4hrend der letzten 8 Jahre gef\u00fchrt hat. Wir freuen uns auf ein neues Kapitel der 50+ j\u00e4hrigen Geschichte des Klubs Logischer Denker und auf eine erfolgreiche und\" \/>\n\t\t<meta property=\"og:url\" content=\"https:\/\/www.k-l-d.at\/kld\/neue-praesidentin-des-kld\/\" \/>\n\t\t<meta property=\"article:published_time\" content=\"2026-08-17T14:51:26+00:00\" \/>\n\t\t<meta property=\"article:modified_time\" content=\"2026-08-17T14:51:26+00:00\" \/>\n\t\t<meta name=\"twitter:card\" content=\"summary\" \/>\n\t\t<meta name=\"twitter:title\" content=\"Neue Pr\u00e4sidentin des KLD | Klub Logischer Denker\" \/>\n\t\t<meta name=\"twitter:description\" content=\"In der a.o. Generalversammlung wurde Irmgard Kuhner-Beichtbuchner einstimmig und mit gro\u00dfer Begeisterung zur neuen Pr\u00e4sidentin des KLD gew\u00e4hlt. Sie l\u00f6st damit Dipl.Ing. Michael Wolfsegger ab, der den Klub w\u00e4hrend der letzten 8 Jahre gef\u00fchrt hat. Wir freuen uns auf ein neues Kapitel der 50+ j\u00e4hrigen Geschichte des Klubs Logischer Denker und auf eine erfolgreiche und\" \/>\n\t\t<script type=\"application\/ld+json\" class=\"aioseo-schema\">\n\t\t\t{\"@context\":\"https:\\\/\\\/schema.org\",\"@graph\":[{\"@type\":\"Article\",\"@id\":\"https:\\\/\\\/www.k-l-d.at\\\/kld\\\/neue-praesidentin-des-kld\\\/#article\",\"name\":\"Neue Pr\\u00e4sidentin des KLD | Klub Logischer Denker\",\"headline\":\"Neue Pr\\u00e4sidentin des KLD\",\"author\":{\"@id\":\"https:\\\/\\\/www.k-l-d.at\\\/kld\\\/author\\\/wordpressadmin\\\/#author\"},\"publisher\":{\"@id\":\"https:\\\/\\\/www.k-l-d.at\\\/kld\\\/#organization\"},\"image\":{\"@type\":\"ImageObject\",\"url\":\"https:\\\/\\\/www.k-l-d.at\\\/kld\\\/wp-content\\\/uploads\\\/2026\\\/08\\\/WhatsApp-Image-2026-08-17-at-15.jpeg\",\"@id\":\"https:\\\/\\\/www.k-l-d.at\\\/kld\\\/neue-praesidentin-des-kld\\\/#articleImage\",\"width\":1600,\"height\":728},\"datePublished\":\"2026-08-17T14:51:26+00:00\",\"dateModified\":\"2026-08-17T14:51:26+00:00\",\"inLanguage\":\"de-DE\",\"mainEntityOfPage\":{\"@id\":\"https:\\\/\\\/www.k-l-d.at\\\/kld\\\/neue-praesidentin-des-kld\\\/#webpage\"},\"isPartOf\":{\"@id\":\"https:\\\/\\\/www.k-l-d.at\\\/kld\\\/neue-praesidentin-des-kld\\\/#webpage\"},\"articleSection\":\"KLD-News\"},{\"@type\":\"BreadcrumbList\",\"@id\":\"https:\\\/\\\/www.k-l-d.at\\\/kld\\\/neue-praesidentin-des-kld\\\/#breadcrumblist\",\"itemListElement\":[{\"@type\":\"ListItem\",\"@id\":\"https:\\\/\\\/www.k-l-d.at\\\/kld#listItem\",\"position\":1,\"name\":\"Home\",\"item\":\"https:\\\/\\\/www.k-l-d.at\\\/kld\",\"nextItem\":{\"@type\":\"ListItem\",\"@id\":\"https:\\\/\\\/www.k-l-d.at\\\/kld\\\/category\\\/kld-news\\\/#listItem\",\"name\":\"KLD-News\"}},{\"@type\":\"ListItem\",\"@id\":\"https:\\\/\\\/www.k-l-d.at\\\/kld\\\/category\\\/kld-news\\\/#listItem\",\"position\":2,\"name\":\"KLD-News\",\"item\":\"https:\\\/\\\/www.k-l-d.at\\\/kld\\\/category\\\/kld-news\\\/\",\"nextItem\":{\"@type\":\"ListItem\",\"@id\":\"https:\\\/\\\/www.k-l-d.at\\\/kld\\\/neue-praesidentin-des-kld\\\/#listItem\",\"name\":\"Neue Pr\\u00e4sidentin des KLD\"},\"previousItem\":{\"@type\":\"ListItem\",\"@id\":\"https:\\\/\\\/www.k-l-d.at\\\/kld#listItem\",\"name\":\"Home\"}},{\"@type\":\"ListItem\",\"@id\":\"https:\\\/\\\/www.k-l-d.at\\\/kld\\\/neue-praesidentin-des-kld\\\/#listItem\",\"position\":3,\"name\":\"Neue Pr\\u00e4sidentin des KLD\",\"previousItem\":{\"@type\":\"ListItem\",\"@id\":\"https:\\\/\\\/www.k-l-d.at\\\/kld\\\/category\\\/kld-news\\\/#listItem\",\"name\":\"KLD-News\"}}]},{\"@type\":\"Organization\",\"@id\":\"https:\\\/\\\/www.k-l-d.at\\\/kld\\\/#organization\",\"name\":\"Klub Logischer Denker\",\"description\":\"Seit 1971: AKTIV-KREATIV-SPANNEND-INTERESSANT\",\"url\":\"https:\\\/\\\/www.k-l-d.at\\\/kld\\\/\",\"logo\":{\"@type\":\"ImageObject\",\"url\":\"https:\\\/\\\/www.k-l-d.at\\\/kld\\\/wp-content\\\/uploads\\\/2021\\\/04\\\/michi-logo.png\",\"@id\":\"https:\\\/\\\/www.k-l-d.at\\\/kld\\\/neue-praesidentin-des-kld\\\/#organizationLogo\",\"width\":396,\"height\":396,\"caption\":\"kld-logo\"},\"image\":{\"@id\":\"https:\\\/\\\/www.k-l-d.at\\\/kld\\\/neue-praesidentin-des-kld\\\/#organizationLogo\"}},{\"@type\":\"Person\",\"@id\":\"https:\\\/\\\/www.k-l-d.at\\\/kld\\\/author\\\/wordpressadmin\\\/#author\",\"url\":\"https:\\\/\\\/www.k-l-d.at\\\/kld\\\/author\\\/wordpressadmin\\\/\",\"name\":\"wordpressadmin\",\"image\":{\"@type\":\"ImageObject\",\"@id\":\"https:\\\/\\\/www.k-l-d.at\\\/kld\\\/neue-praesidentin-des-kld\\\/#authorImage\",\"url\":\"https:\\\/\\\/secure.gravatar.com\\\/avatar\\\/c55f1fe4b65a04b32ac166d92cf1cc6e90db2a9dbe1912194b4c50d50c916426?s=96&d=mm&r=g\",\"width\":96,\"height\":96,\"caption\":\"wordpressadmin\"}},{\"@type\":\"WebPage\",\"@id\":\"https:\\\/\\\/www.k-l-d.at\\\/kld\\\/neue-praesidentin-des-kld\\\/#webpage\",\"url\":\"https:\\\/\\\/www.k-l-d.at\\\/kld\\\/neue-praesidentin-des-kld\\\/\",\"name\":\"Neue Pr\\u00e4sidentin des KLD | Klub Logischer Denker\",\"description\":\"In der a.o. Generalversammlung wurde Irmgard Kuhner-Beichtbuchner einstimmig und mit gro\\u00dfer Begeisterung zur neuen Pr\\u00e4sidentin des KLD gew\\u00e4hlt. Sie l\\u00f6st damit Dipl.Ing. Michael Wolfsegger ab, der den Klub w\\u00e4hrend der letzten 8 Jahre gef\\u00fchrt hat. Wir freuen uns auf ein neues Kapitel der 50+ j\\u00e4hrigen Geschichte des Klubs Logischer Denker und auf eine erfolgreiche und\",\"inLanguage\":\"de-DE\",\"isPartOf\":{\"@id\":\"https:\\\/\\\/www.k-l-d.at\\\/kld\\\/#website\"},\"breadcrumb\":{\"@id\":\"https:\\\/\\\/www.k-l-d.at\\\/kld\\\/neue-praesidentin-des-kld\\\/#breadcrumblist\"},\"author\":{\"@id\":\"https:\\\/\\\/www.k-l-d.at\\\/kld\\\/author\\\/wordpressadmin\\\/#author\"},\"creator\":{\"@id\":\"https:\\\/\\\/www.k-l-d.at\\\/kld\\\/author\\\/wordpressadmin\\\/#author\"},\"datePublished\":\"2026-08-17T14:51:26+00:00\",\"dateModified\":\"2026-08-17T14:51:26+00:00\"},{\"@type\":\"WebSite\",\"@id\":\"https:\\\/\\\/www.k-l-d.at\\\/kld\\\/#website\",\"url\":\"https:\\\/\\\/www.k-l-d.at\\\/kld\\\/\",\"name\":\"Klub Logischer Denker\",\"description\":\"Seit 1971: AKTIV-KREATIV-SPANNEND-INTERESSANT\",\"inLanguage\":\"de-DE\",\"publisher\":{\"@id\":\"https:\\\/\\\/www.k-l-d.at\\\/kld\\\/#organization\"}}]}\n\t\t<\/script>\n\t\t<!-- All in One SEO -->\n\n","aioseo_head_json":{"title":"Neue Pr\u00e4sidentin des KLD | Klub Logischer Denker","description":"In der a.o. Generalversammlung wurde Irmgard Kuhner-Beichtbuchner einstimmig und mit gro\u00dfer Begeisterung zur neuen Pr\u00e4sidentin des KLD gew\u00e4hlt. Sie l\u00f6st damit Dipl.Ing. Michael Wolfsegger ab, der den Klub w\u00e4hrend der letzten 8 Jahre gef\u00fchrt hat. Wir freuen uns auf ein neues Kapitel der 50+ j\u00e4hrigen Geschichte des Klubs Logischer Denker und auf eine erfolgreiche und","canonical_url":"https:\/\/www.k-l-d.at\/kld\/neue-praesidentin-des-kld\/","robots":"max-image-preview:large","keywords":"","webmasterTools":{"miscellaneous":""},"schema":{"@context":"https:\/\/schema.org","@graph":[{"@type":"Article","@id":"https:\/\/www.k-l-d.at\/kld\/neue-praesidentin-des-kld\/#article","name":"Neue Pr\u00e4sidentin des KLD | Klub Logischer Denker","headline":"Neue Pr\u00e4sidentin des KLD","author":{"@id":"https:\/\/www.k-l-d.at\/kld\/author\/wordpressadmin\/#author"},"publisher":{"@id":"https:\/\/www.k-l-d.at\/kld\/#organization"},"image":{"@type":"ImageObject","url":"https:\/\/www.k-l-d.at\/kld\/wp-content\/uploads\/2026\/08\/WhatsApp-Image-2026-08-17-at-15.jpeg","@id":"https:\/\/www.k-l-d.at\/kld\/neue-praesidentin-des-kld\/#articleImage","width":1600,"height":728},"datePublished":"2026-08-17T14:51:26+00:00","dateModified":"2026-08-17T14:51:26+00:00","inLanguage":"de-DE","mainEntityOfPage":{"@id":"https:\/\/www.k-l-d.at\/kld\/neue-praesidentin-des-kld\/#webpage"},"isPartOf":{"@id":"https:\/\/www.k-l-d.at\/kld\/neue-praesidentin-des-kld\/#webpage"},"articleSection":"KLD-News"},{"@type":"BreadcrumbList","@id":"https:\/\/www.k-l-d.at\/kld\/neue-praesidentin-des-kld\/#breadcrumblist","itemListElement":[{"@type":"ListItem","@id":"https:\/\/www.k-l-d.at\/kld#listItem","position":1,"name":"Home","item":"https:\/\/www.k-l-d.at\/kld","nextItem":{"@type":"ListItem","@id":"https:\/\/www.k-l-d.at\/kld\/category\/kld-news\/#listItem","name":"KLD-News"}},{"@type":"ListItem","@id":"https:\/\/www.k-l-d.at\/kld\/category\/kld-news\/#listItem","position":2,"name":"KLD-News","item":"https:\/\/www.k-l-d.at\/kld\/category\/kld-news\/","nextItem":{"@type":"ListItem","@id":"https:\/\/www.k-l-d.at\/kld\/neue-praesidentin-des-kld\/#listItem","name":"Neue Pr\u00e4sidentin des KLD"},"previousItem":{"@type":"ListItem","@id":"https:\/\/www.k-l-d.at\/kld#listItem","name":"Home"}},{"@type":"ListItem","@id":"https:\/\/www.k-l-d.at\/kld\/neue-praesidentin-des-kld\/#listItem","position":3,"name":"Neue Pr\u00e4sidentin des KLD","previousItem":{"@type":"ListItem","@id":"https:\/\/www.k-l-d.at\/kld\/category\/kld-news\/#listItem","name":"KLD-News"}}]},{"@type":"Organization","@id":"https:\/\/www.k-l-d.at\/kld\/#organization","name":"Klub Logischer Denker","description":"Seit 1971: AKTIV-KREATIV-SPANNEND-INTERESSANT","url":"https:\/\/www.k-l-d.at\/kld\/","logo":{"@type":"ImageObject","url":"https:\/\/www.k-l-d.at\/kld\/wp-content\/uploads\/2021\/04\/michi-logo.png","@id":"https:\/\/www.k-l-d.at\/kld\/neue-praesidentin-des-kld\/#organizationLogo","width":396,"height":396,"caption":"kld-logo"},"image":{"@id":"https:\/\/www.k-l-d.at\/kld\/neue-praesidentin-des-kld\/#organizationLogo"}},{"@type":"Person","@id":"https:\/\/www.k-l-d.at\/kld\/author\/wordpressadmin\/#author","url":"https:\/\/www.k-l-d.at\/kld\/author\/wordpressadmin\/","name":"wordpressadmin","image":{"@type":"ImageObject","@id":"https:\/\/www.k-l-d.at\/kld\/neue-praesidentin-des-kld\/#authorImage","url":"https:\/\/secure.gravatar.com\/avatar\/c55f1fe4b65a04b32ac166d92cf1cc6e90db2a9dbe1912194b4c50d50c916426?s=96&d=mm&r=g","width":96,"height":96,"caption":"wordpressadmin"}},{"@type":"WebPage","@id":"https:\/\/www.k-l-d.at\/kld\/neue-praesidentin-des-kld\/#webpage","url":"https:\/\/www.k-l-d.at\/kld\/neue-praesidentin-des-kld\/","name":"Neue Pr\u00e4sidentin des KLD | Klub Logischer Denker","description":"In der a.o. Generalversammlung wurde Irmgard Kuhner-Beichtbuchner einstimmig und mit gro\u00dfer Begeisterung zur neuen Pr\u00e4sidentin des KLD gew\u00e4hlt. Sie l\u00f6st damit Dipl.Ing. Michael Wolfsegger ab, der den Klub w\u00e4hrend der letzten 8 Jahre gef\u00fchrt hat. Wir freuen uns auf ein neues Kapitel der 50+ j\u00e4hrigen Geschichte des Klubs Logischer Denker und auf eine erfolgreiche und","inLanguage":"de-DE","isPartOf":{"@id":"https:\/\/www.k-l-d.at\/kld\/#website"},"breadcrumb":{"@id":"https:\/\/www.k-l-d.at\/kld\/neue-praesidentin-des-kld\/#breadcrumblist"},"author":{"@id":"https:\/\/www.k-l-d.at\/kld\/author\/wordpressadmin\/#author"},"creator":{"@id":"https:\/\/www.k-l-d.at\/kld\/author\/wordpressadmin\/#author"},"datePublished":"2026-08-17T14:51:26+00:00","dateModified":"2026-08-17T14:51:26+00:00"},{"@type":"WebSite","@id":"https:\/\/www.k-l-d.at\/kld\/#website","url":"https:\/\/www.k-l-d.at\/kld\/","name":"Klub Logischer Denker","description":"Seit 1971: AKTIV-KREATIV-SPANNEND-INTERESSANT","inLanguage":"de-DE","publisher":{"@id":"https:\/\/www.k-l-d.at\/kld\/#organization"}}]},"og:locale":"de_DE","og:site_name":"Klub Logischer Denker | Seit 1971: AKTIV-KREATIV-SPANNEND-INTERESSANT","og:type":"article","og:title":"Neue Pr\u00e4sidentin des KLD | Klub Logischer Denker","og:description":"In der a.o. Generalversammlung wurde Irmgard Kuhner-Beichtbuchner einstimmig und mit gro\u00dfer Begeisterung zur neuen Pr\u00e4sidentin des KLD gew\u00e4hlt. Sie l\u00f6st damit Dipl.Ing. Michael Wolfsegger ab, der den Klub w\u00e4hrend der letzten 8 Jahre gef\u00fchrt hat. Wir freuen uns auf ein neues Kapitel der 50+ j\u00e4hrigen Geschichte des Klubs Logischer Denker und auf eine erfolgreiche und","og:url":"https:\/\/www.k-l-d.at\/kld\/neue-praesidentin-des-kld\/","article:published_time":"2026-08-17T14:51:26+00:00","article:modified_time":"2026-08-17T14:51:26+00:00","twitter:card":"summary","twitter:title":"Neue Pr\u00e4sidentin des KLD | Klub Logischer Denker","twitter:description":"In der a.o. Generalversammlung wurde Irmgard Kuhner-Beichtbuchner einstimmig und mit gro\u00dfer Begeisterung zur neuen Pr\u00e4sidentin des KLD gew\u00e4hlt. Sie l\u00f6st damit Dipl.Ing. Michael Wolfsegger ab, der den Klub w\u00e4hrend der letzten 8 Jahre gef\u00fchrt hat. Wir freuen uns auf ein neues Kapitel der 50+ j\u00e4hrigen Geschichte des Klubs Logischer Denker und auf eine erfolgreiche und"},"aioseo_meta_data":{"post_id":"64935","title":null,"description":null,"keywords":null,"keyphrases":{"focus":{"keyphrase":"","score":0,"analysis":{"keyphraseInTitle":{"score":0,"maxScore":9,"error":1}}},"additional":[]},"primary_term":null,"canonical_url":null,"og_title":null,"og_description":null,"og_object_type":"default","og_image_type":"default","og_image_url":null,"og_image_width":null,"og_image_height":null,"og_image_custom_url":null,"og_image_custom_fields":null,"og_video":"","og_custom_url":null,"og_article_section":null,"og_article_tags":null,"twitter_use_og":false,"twitter_card":"default","twitter_image_type":"default","twitter_image_url":null,"twitter_image_custom_url":null,"twitter_image_custom_fields":null,"twitter_title":null,"twitter_description":null,"schema":{"blockGraphs":[],"customGraphs":[],"default":{"data":{"Article":[],"Course":[],"Dataset":[],"FAQPage":[],"Movie":[],"Person":[],"Product":[],"ProductReview":[],"Car":[],"Recipe":[],"Service":[],"SoftwareApplication":[],"WebPage":[]},"graphName":"Article","isEnabled":true},"graphs":[]},"schema_type":"default","schema_type_options":null,"pillar_content":false,"robots_default":true,"robots_noindex":false,"robots_noarchive":false,"robots_nosnippet":false,"robots_nofollow":false,"robots_noimageindex":false,"robots_noodp":false,"robots_notranslate":false,"robots_max_snippet":"-1","robots_max_videopreview":"-1","robots_max_imagepreview":"large","priority":null,"frequency":"default","local_seo":null,"breadcrumb_settings":null,"limit_modified_date":false,"ai":{"faqs":[],"keyPoints":[],"schemas":[],"titles":[],"descriptions":[],"socialPosts":{"email":{"subject":"","preview":"","content":""},"linkedin":[],"twitter":[],"facebook":[],"instagram":[]}},"created":"2026-08-17 14:38:55","updated":"2026-08-17 15:01:56","seo_analyzer_scan_date":null,"focus_keyword":null,"additional_keywords":null,"truseo_locale":null},"_links":{"self":[{"href":"https:\/\/www.k-l-d.at\/kld\/wp-json\/wp\/v2\/posts\/64935","targetHints":{"allow":["GET"]}}],"collection":[{"href":"https:\/\/www.k-l-d.at\/kld\/wp-json\/wp\/v2\/posts"}],"about":[{"href":"https:\/\/www.k-l-d.at\/kld\/wp-json\/wp\/v2\/types\/post"}],"author":[{"embeddable":true,"href":"https:\/\/www.k-l-d.at\/kld\/wp-json\/wp\/v2\/users\/1"}],"replies":[{"embeddable":true,"href":"https:\/\/www.k-l-d.at\/kld\/wp-json\/wp\/v2\/comments?post=64935"}],"version-history":[{"count":1,"href":"https:\/\/www.k-l-d.at\/kld\/wp-json\/wp\/v2\/posts\/64935\/revisions"}],"predecessor-version":[{"id":64939,"href":"https:\/\/www.k-l-d.at\/kld\/wp-json\/wp\/v2\/posts\/64935\/revisions\/64939"}],"wp:attachment":[{"href":"https:\/\/www.k-l-d.at\/kld\/wp-json\/wp\/v2\/media?parent=64935"}],"wp:term":[{"taxonomy":"category","embeddable":true,"href":"https:\/\/www.k-l-d.at\/kld\/wp-json\/wp\/v2\/categories?post=64935"},{"taxonomy":"post_tag","embeddable":true,"href":"https:\/\/www.k-l-d.at\/kld\/wp-json\/wp\/v2\/tags?post=64935"}],"curies":[{"name":"wp","href":"https:\/\/api.w.org\/{rel}","templated":true}]}}